{"id":2027,"date":"2018-08-01T17:29:24","date_gmt":"2018-08-01T14:29:24","guid":{"rendered":"https:\/\/www.guzelfikir.com\/?p=2027"},"modified":"2023-05-24T14:51:24","modified_gmt":"2023-05-24T11:51:24","slug":"twitterda-fotograf-etiketleme-nasil-yapilir","status":"publish","type":"post","link":"https:\/\/guzelfikir.com\/blog\/twitterda-fotograf-etiketleme-nasil-yapilir\/","title":{"rendered":"Twitter&#8217;da Foto\u011fraf Etiketleme Nas\u0131l Yap\u0131l\u0131r?"},"content":{"rendered":"<p style=\"text-align: center;\">Bu yaz\u0131m\u0131zda bize s\u0131k\u00e7a y\u00f6neltilen <strong>Twitter&#8217;da Foto\u011fraf Etiketleme Nas\u0131l Yap\u0131l\u0131r ? Twitter&#8217;da Foto\u011fraf Etikeletme Sorunu , ve Twitter&#8217;da Etiketleme Yapam\u0131yorum<\/strong> gibi ba\u015fl\u0131klar\u0131n cevaplar\u0131n\u0131 arayaca\u011f\u0131z.<\/p>\n<p style=\"text-align: center;\">\u00d6ncelikle bilindi\u011fi gibi Twitter&#8217;da normal olarak <strong>etiketleme<\/strong> i\u015flemi &#8221; @ &#8221; i\u015fareti ile yap\u0131l\u0131r nas\u0131l? Tweet atarken &#8221; @ &#8221; i\u015fareti yap\u0131p kimi etikeletmek isterseniz o hesab\u0131n kullan\u0131c\u0131 ad\u0131n\u0131 yazarak etiketleme i\u015flemini yapabilirsiniz.Peki <strong>Twitter&#8217;da Foto\u011fraf Etiketleme Nas\u0131l Yap\u0131l\u0131r?<\/strong><\/p>\n<h1 style=\"text-align: center;\"><span style=\"color: #ff0000;\">Twitter&#8217;da Foto\u011fraf Etiketleme<\/span><\/h1>\n<p style=\"text-align: center;\">Twitter&#8217;da foto\u011fraf etiketleme i\u015flemini daha iyi anla\u015f\u0131lmas\u0131 i\u00e7in resimli anlat\u0131ma ge\u00e7elim.<\/p>\n<p style=\"text-align: center;\">\u00d6ncelikle hesab\u0131m\u0131za giri\u015f yap\u0131yoruz ve resimdeki gibi yeni tweet butonuna t\u0131kl\u0131yoruz.<\/p>\n<figure id=\"attachment_2028\" aria-describedby=\"caption-attachment-2028\" style=\"width: 273px\" class=\"wp-caption aligncenter\"><img decoding=\"async\" loading=\"lazy\" class=\" wp-image-2028\" src=\"https:\/\/www.guzelfikir.com\/blog\/wp-content\/uploads\/2018\/08\/twitterda-fotograf-etiketleme.jpeg\" alt=\"\" width=\"283\" height=\"393\" srcset=\"https:\/\/guzelfikir.com\/blog\/wp-content\/uploads\/2018\/08\/twitterda-fotograf-etiketleme.jpeg 899w, https:\/\/guzelfikir.com\/blog\/wp-content\/uploads\/2018\/08\/twitterda-fotograf-etiketleme-216x300.jpeg 216w, https:\/\/guzelfikir.com\/blog\/wp-content\/uploads\/2018\/08\/twitterda-fotograf-etiketleme-768x1068.jpeg 768w, https:\/\/guzelfikir.com\/blog\/wp-content\/uploads\/2018\/08\/twitterda-fotograf-etiketleme-736x1024.jpeg 736w\" sizes=\"(max-width: 283px) 100vw, 283px\" title=\"\"><figcaption id=\"caption-attachment-2028\" class=\"wp-caption-text\">Twitterda Foto\u011fraf Etiketleme<\/figcaption><\/figure>\n<p>Ard\u0131ndan payla\u015faca\u011f\u0131m\u0131z foto\u011fraf\u0131 se\u00e7iyoruz.Foto\u011fraf geldikten sonra g\u00f6rseldeki gibi &#8220;bu foto\u011frafta kim var&#8221; butonu \u00e7\u0131k\u0131yor.Bu butona t\u0131klay\u0131p kimi etiketlemek istiyorsan\u0131z etiketleyebilirsiniz.<\/p>\n<figure id=\"attachment_2030\" aria-describedby=\"caption-attachment-2030\" style=\"width: 274px\" class=\"wp-caption aligncenter\"><img decoding=\"async\" loading=\"lazy\" class=\" wp-image-2030\" src=\"https:\/\/www.guzelfikir.com\/blog\/wp-content\/uploads\/2018\/08\/twitterda-fotograf-etikeleme-sorunu-1.jpeg\" alt=\"\" width=\"284\" height=\"487\" srcset=\"https:\/\/guzelfikir.com\/blog\/wp-content\/uploads\/2018\/08\/twitterda-fotograf-etikeleme-sorunu-1.jpeg 896w, https:\/\/guzelfikir.com\/blog\/wp-content\/uploads\/2018\/08\/twitterda-fotograf-etikeleme-sorunu-1-175x300.jpeg 175w, https:\/\/guzelfikir.com\/blog\/wp-content\/uploads\/2018\/08\/twitterda-fotograf-etikeleme-sorunu-1-768x1315.jpeg 768w, https:\/\/guzelfikir.com\/blog\/wp-content\/uploads\/2018\/08\/twitterda-fotograf-etikeleme-sorunu-1-598x1024.jpeg 598w\" sizes=\"(max-width: 284px) 100vw, 284px\" title=\"\"><figcaption id=\"caption-attachment-2030\" class=\"wp-caption-text\">Twitter Etiketleme<\/figcaption><\/figure>\n<p>Bu i\u015flemlerden sonra <strong>Twitter&#8217;da foto\u011fraf etiketleme<\/strong> i\u015flemini tamamlam\u0131\u015f olursunuz.Foto\u011fraf payla\u015ft\u0131ktan sonra foto\u011fraf\u0131n \u00fcst\u00fcnde kimlerin oldu\u011fu g\u00f6z\u00fck\u00fcr.<\/p>\n","protected":false},"excerpt":{"rendered":"<p>Bu yaz\u0131m\u0131zda bize s\u0131k\u00e7a y\u00f6neltilen Twitter&#8217;da Foto\u011fraf Etiketleme Nas\u0131l Yap\u0131l\u0131r ? Twitter&#8217;da Foto\u011fraf Etikeletme Sorunu , ve Twitter&#8217;da Etiketleme Yapam\u0131yorum gibi ba\u015fl\u0131klar\u0131n cevaplar\u0131n\u0131 arayaca\u011f\u0131z. \u00d6ncelikle bilindi\u011fi gibi Twitter&#8217;da normal olarak etiketleme i\u015flemi &#8221; @ &#8221; i\u015fareti ile yap\u0131l\u0131r nas\u0131l? Tweet atarken &#8221; @ &#8221; i\u015fareti yap\u0131p kimi etikeletmek isterseniz o hesab\u0131n kullan\u0131c\u0131 ad\u0131n\u0131 yazarak etiketleme &#8230; <a title=\"Twitter&#8217;da Foto\u011fraf Etiketleme Nas\u0131l Yap\u0131l\u0131r?\" class=\"read-more\" href=\"https:\/\/guzelfikir.com\/blog\/twitterda-fotograf-etiketleme-nasil-yapilir\/\" aria-label=\"More on Twitter&#8217;da Foto\u011fraf Etiketleme Nas\u0131l Yap\u0131l\u0131r?\">Read more<\/a><\/p>\n","protected":false},"author":61,"featured_media":2031,"comment_status":"open","ping_status":"open","sticky":false,"template":"","format":"standard","meta":{"footnotes":""},"categories":[6],"tags":[1292,903,1291],"_links":{"self":[{"href":"https:\/\/guzelfikir.com\/blog\/wp-json\/wp\/v2\/posts\/2027"}],"collection":[{"href":"https:\/\/guzelfikir.com\/blog\/wp-json\/wp\/v2\/posts"}],"about":[{"href":"https:\/\/guzelfikir.com\/blog\/wp-json\/wp\/v2\/types\/post"}],"author":[{"embeddable":true,"href":"https:\/\/guzelfikir.com\/blog\/wp-json\/wp\/v2\/users\/61"}],"replies":[{"embeddable":true,"href":"https:\/\/guzelfikir.com\/blog\/wp-json\/wp\/v2\/comments?post=2027"}],"version-history":[{"count":2,"href":"https:\/\/guzelfikir.com\/blog\/wp-json\/wp\/v2\/posts\/2027\/revisions"}],"predecessor-version":[{"id":8194,"href":"https:\/\/guzelfikir.com\/blog\/wp-json\/wp\/v2\/posts\/2027\/revisions\/8194"}],"wp:featuredmedia":[{"embeddable":true,"href":"https:\/\/guzelfikir.com\/blog\/wp-json\/wp\/v2\/media\/2031"}],"wp:attachment":[{"href":"https:\/\/guzelfikir.com\/blog\/wp-json\/wp\/v2\/media?parent=2027"}],"wp:term":[{"taxonomy":"category","embeddable":true,"href":"https:\/\/guzelfikir.com\/blog\/wp-json\/wp\/v2\/categories?post=2027"},{"taxonomy":"post_tag","embeddable":true,"href":"https:\/\/guzelfikir.com\/blog\/wp-json\/wp\/v2\/tags?post=2027"}],"curies":[{"name":"wp","href":"https:\/\/api.w.org\/{rel}","templated":true}]}}