{"id":7290,"date":"2020-12-06T22:55:49","date_gmt":"2020-12-06T19:55:49","guid":{"rendered":"https:\/\/guzelfikir.com\/?p=7290"},"modified":"2023-06-09T09:20:02","modified_gmt":"2023-06-09T06:20:02","slug":"saclarin-elektriklenmesi-nasil-onlenir","status":"publish","type":"post","link":"https:\/\/guzelfikir.com\/blog\/saclarin-elektriklenmesi-nasil-onlenir\/","title":{"rendered":"Sa\u00e7lar\u0131n Elektriklenmesi Nas\u0131l \u00d6nlenir? Sa\u00e7 Elektriklenmesi Nas\u0131l Ge\u00e7er?"},"content":{"rendered":"<p>Sa\u00e7lar\u0131n elektriklenmesi nas\u0131l \u00f6nlenir, g\u00fcn\u00fcm\u00fcz\u00fcn en b\u00fcy\u00fck problemlerinden biri. Sa\u00e7 elektriklenmesi nas\u0131l ge\u00e7er sorusunu, elektriklenen sa\u00e7lar i\u00e7in \u015fampuan \u00f6nerileri ile \u00e7\u00f6zebileceksiniz.<\/p>\n<p>Sa\u00e7lar\u0131n elektriklenmesini \u00f6nlemeden sa\u00e7lar\u0131n neden elektriklendi\u011fine a\u00e7\u0131kl\u0131k getirelim. \u015eimdi sa\u00e7lar\u0131n\u0131z elektriklenmi\u015f veya sonras\u0131nda sa\u00e7lar\u0131n\u0131z\u0131n elektriklenmesini istemiyorsan\u0131z \u00f6ncelikle sa\u00e7lar\u0131n neden elektriklendi\u011fini \u00f6\u011frenmenizde yarar var.<\/p>\n<h2>Sa\u00e7lar Neden Elektriklenir?<\/h2>\n<p>Sa\u00e7lar neden elektriklenir, \u00f6zellikle du\u015ftan sonra ak\u0131llara tak\u0131lan en b\u00fcy\u00fck soru. Sa\u00e7lar\u0131n elektriklenmesinin sebebi du\u015fta kullan\u0131lan \u015fampuan, bak\u0131m kremleri, <a href=\"https:\/\/guzelfikir.com\/blog\/guzellik\/sac-bakimi\/\">sa\u00e7<\/a> tipiniz, sa\u00e7lar\u0131n\u0131z\u0131n yo\u011funlu\u011funa g\u00f6re de\u011fi\u015fiklik g\u00f6stermektedir. Genel olarak sa\u00e7lar\u0131n elektriklenmesi du\u015ftan sonraki kuruma a\u015famas\u0131nda ger\u00e7ekle\u015fir.<\/p>\n<p>Sa\u00e7lar kuruma esnas\u0131ndayken aras\u0131nda dolu\u015fan hava ve sa\u00e7 tipi, kullan\u0131lan \u015fampuan ve bak\u0131m kremine ba\u011fl\u0131 olarak statik elektrik almaya m\u00fcsait duruma gelir. Bunu \u00f6nlemek \u00f6ncesinde ve sonras\u0131nda yapaca\u011f\u0131n\u0131z i\u015flemlerle m\u00fcmk\u00fcn olabilir.<\/p>\n<p>Sa\u00e7lar\u0131n elektriklenmesi genel olarak a\u015fa\u011f\u0131daki sebeplerden kaynaklanmaktad\u0131r;<\/p>\n<ol>\n<li>Yanl\u0131\u015f \u015fampuan ve bak\u0131m kremi kullan\u0131lmas\u0131.<\/li>\n<li>Sa\u00e7lar\u0131n d\u00fczenli olarak y\u0131kanmamas\u0131.<\/li>\n<li>Sa\u00e7lar\u0131 s\u0131kl\u0131kla taramak.<\/li>\n<li>Yast\u0131k \u00f6rt\u00fcs\u00fc, kap\u015fonlu giysi gibi sentetik \u00fcr\u00fcnler ile sa\u00e7lar\u0131n \u00e7ok s\u0131k temas etmesi.<\/li>\n<li>Bulundu\u011funuz ortamda veya ilde olu\u015fan nem eksikli\u011fi.<\/li>\n<li>Fazla kimyasal \u00fcr\u00fcn uygulayarak sa\u00e7\u0131n do\u011fall\u0131\u011f\u0131na zarar vermek.<\/li>\n<li>Sa\u00e7lar\u0131 ani hava \u015foklar\u0131na maruz b\u0131rakmak. (\u00c7ok s\u0131cak ve \u00e7ok so\u011fuk gibi)<\/li>\n<li>Du\u015ftan sonra plastik terlik gibi statik elektrik yapacak \u00fcr\u00fcnlere temas etmek.<\/li>\n<\/ol>\n<h2>Sa\u00e7lar\u0131n Elektriklenmesi Nas\u0131l \u00d6nlenir?<\/h2>\n<p>Sa\u00e7lar\u0131n elektriklenmesi nas\u0131l \u00f6nlenir, sa\u00e7lara uygun bak\u0131m kremleri ve \u015fampuanlar\u0131 kullanarak ve sa\u00e7lar\u0131 y\u0131kad\u0131ktan sonra d\u00fczg\u00fcn kurulama i\u015flemleri ile birlikte \u00f6nlenebilir. Sa\u00e7lar\u0131n\u0131z\u0131n elektriklenmesini \u00f6nlemek i\u00e7in a\u015fa\u011f\u0131daki uygulamalar\u0131 yap\u0131n:<\/p>\n<figure id=\"attachment_7300\" aria-describedby=\"caption-attachment-7300\" style=\"width: 686px\" class=\"wp-caption aligncenter\"><img decoding=\"async\" loading=\"lazy\" class=\"size-large wp-image-7300\" src=\"https:\/\/guzelfikir.com\/blog\/wp-content\/uploads\/2020\/12\/saclarin-elektriklenmesi-1024x683.jpg\" alt=\"saclarin-elektriklenmesi\" width=\"696\" height=\"464\" srcset=\"https:\/\/guzelfikir.com\/blog\/wp-content\/uploads\/2020\/12\/saclarin-elektriklenmesi-1024x683.jpg 1024w, https:\/\/guzelfikir.com\/blog\/wp-content\/uploads\/2020\/12\/saclarin-elektriklenmesi-300x200.jpg 300w, https:\/\/guzelfikir.com\/blog\/wp-content\/uploads\/2020\/12\/saclarin-elektriklenmesi-768x512.jpg 768w, https:\/\/guzelfikir.com\/blog\/wp-content\/uploads\/2020\/12\/saclarin-elektriklenmesi-1536x1024.jpg 1536w, https:\/\/guzelfikir.com\/blog\/wp-content\/uploads\/2020\/12\/saclarin-elektriklenmesi-696x464.jpg 696w, https:\/\/guzelfikir.com\/blog\/wp-content\/uploads\/2020\/12\/saclarin-elektriklenmesi-1068x712.jpg 1068w, https:\/\/guzelfikir.com\/blog\/wp-content\/uploads\/2020\/12\/saclarin-elektriklenmesi-630x420.jpg 630w, https:\/\/guzelfikir.com\/blog\/wp-content\/uploads\/2020\/12\/saclarin-elektriklenmesi.jpg 1920w\" sizes=\"(max-width: 696px) 100vw, 696px\" title=\"\"><figcaption id=\"caption-attachment-7300\" class=\"wp-caption-text\">Sa\u00e7lar\u0131n elektriklenmesi nas\u0131l \u00f6nlenir<\/figcaption><\/figure>\n<ul>\n<li>Sa\u00e7 tipinize uygun \u015fampuan se\u00e7in.<\/li>\n<li>Du\u015ftan sonra mutlaka elektriklenme \u00f6nleyici ve onar\u0131m sa\u011flayan bak\u0131m kremleri kullan\u0131n.<\/li>\n<li>Sa\u00e7lar\u0131 y\u0131kad\u0131ktan sonra kurulama esnas\u0131nda f\u00f6n makinesi ile tamamen kurutmay\u0131n. Sa\u00e7\u0131n\u0131z\u0131 havluya sar\u0131n ve uzun s\u00fcreli kuruma yap\u0131n.<\/li>\n<\/ul>\n<p>Bu i\u015flemler sonras\u0131nda sa\u00e7lar\u0131n elektriklenmesinin b\u00fcy\u00fck \u00f6l\u00e7\u00fcde \u00f6n\u00fcne ge\u00e7mi\u015f olacaks\u0131n\u0131z. Bu i\u015flemleri kendim de uygulamaktay\u0131m. \u00d6zellikle du\u015f sonras\u0131nda f\u00f6n makinesi ile hemen kurutulmak istenen sa\u00e7lar, statik elektrik dahil sa\u00e7lar\u0131n elektriklenmesine sebebiyet veren bile\u015fenleri tetikler ve sa\u00e7lar bundan etkilenerek elektriklenip kabarabilir.<\/p>\n<p>Bu kabarmalar taranmas\u0131 zor, g\u00f6r\u00fcn\u00fc\u015f a\u00e7\u0131s\u0131ndan estetik durmayan ve bak\u0131ms\u0131z gibi g\u00f6r\u00fcnen sa\u00e7lara sahip olman\u0131z\u0131 a\u011flar. Uygulayaca\u011f\u0131n\u0131z bu y\u00f6ntemler ile birlikte sa\u00e7lar\u0131n\u0131z\u0131n elektriklenmesini b\u00fcy\u00fck \u00f6l\u00e7\u00fcde azaltt\u0131\u011f\u0131n\u0131z\u0131 fark edeceksinizdir.<\/p>\n<p>Daha fazla sa\u00e7 bak\u0131m \u00f6nerileri i\u00e7in kategorimize g\u00f6z atabilirsiniz: <a href=\"https:\/\/guzelfikir.com\/blog\/guzellik\/sac-bakimi\/\" target=\"_blank\" rel=\"noopener noreferrer\">https:\/\/guzelfikir.com\/guzellik\/sac-bakimi\/<\/a><\/p>\n<h2>Sa\u00e7 Elektriklenmesi Nas\u0131l Ge\u00e7er?<\/h2>\n<p>Sa\u00e7 elektriklenmesi nas\u0131l ge\u00e7er, \u00f6zellikle du\u015ftan sonra sa\u00e7lar\u0131n\u0131z elektriklendiyse sa\u00e7lar\u0131n\u0131z\u0131 tekrardan a\u015f\u0131r\u0131 \u0131slatmadan hafif\u00e7e su ile nemlendirin. Sa\u00e7 diplerinden sa\u00e7lar\u0131n ucuna kadar hafif su veya i\u00e7erisine su konulmu\u015f sprey kutular\u0131n\u0131 sa\u00e7\u0131n\u0131za s\u0131k\u0131n. Sonras\u0131nda sa\u00e7lar\u0131n\u0131z\u0131 f\u00f6n makinesi kullanmadan sadece havlu sararak kurutun. Bu i\u015flemler sonras\u0131nda sa\u00e7 elektriklenmesinin ge\u00e7ti\u011fini g\u00f6receksiniz.<\/p>\n<figure id=\"attachment_7301\" aria-describedby=\"caption-attachment-7301\" style=\"width: 686px\" class=\"wp-caption aligncenter\"><img decoding=\"async\" loading=\"lazy\" class=\"size-large wp-image-7301\" src=\"https:\/\/guzelfikir.com\/blog\/wp-content\/uploads\/2020\/12\/sac-elektriklenmesi-nasil-gecer-1024x683.jpg\" alt=\"sac-elektriklenmesi-nasil-gecer\" width=\"696\" height=\"464\" srcset=\"https:\/\/guzelfikir.com\/blog\/wp-content\/uploads\/2020\/12\/sac-elektriklenmesi-nasil-gecer-1024x683.jpg 1024w, https:\/\/guzelfikir.com\/blog\/wp-content\/uploads\/2020\/12\/sac-elektriklenmesi-nasil-gecer-300x200.jpg 300w, https:\/\/guzelfikir.com\/blog\/wp-content\/uploads\/2020\/12\/sac-elektriklenmesi-nasil-gecer-768x512.jpg 768w, https:\/\/guzelfikir.com\/blog\/wp-content\/uploads\/2020\/12\/sac-elektriklenmesi-nasil-gecer-1536x1024.jpg 1536w, https:\/\/guzelfikir.com\/blog\/wp-content\/uploads\/2020\/12\/sac-elektriklenmesi-nasil-gecer-696x464.jpg 696w, https:\/\/guzelfikir.com\/blog\/wp-content\/uploads\/2020\/12\/sac-elektriklenmesi-nasil-gecer-1068x712.jpg 1068w, https:\/\/guzelfikir.com\/blog\/wp-content\/uploads\/2020\/12\/sac-elektriklenmesi-nasil-gecer-630x420.jpg 630w, https:\/\/guzelfikir.com\/blog\/wp-content\/uploads\/2020\/12\/sac-elektriklenmesi-nasil-gecer.jpg 1920w\" sizes=\"(max-width: 696px) 100vw, 696px\" title=\"\"><figcaption id=\"caption-attachment-7301\" class=\"wp-caption-text\">Sa\u00e7lar\u0131n elektriklenmesi nas\u0131l ge\u00e7er<\/figcaption><\/figure>\n<h2>Elektriklenen Sa\u00e7lar \u0130\u00e7in \u015eampuan \u00d6nerileri<\/h2>\n<p>Elektriklenen sa\u00e7lar i\u00e7in \u015fampuan se\u00e7mek, sa\u00e7lar\u0131n\u0131z\u0131n elektriklenmesini b\u00fcy\u00fck \u00f6l\u00e7\u00fcde azalt\u0131r. Kad\u0131nlarda pembe kutuya sahip elidor ve elidorun sa\u00e7 bak\u0131m kremi sa\u00e7lar\u0131n elektriklenmesini \u00f6nler. Erkeklerde clear man mavi kutu \u015fampuan ile kendi sa\u00e7 tipinize uygun bak\u0131m kremleri ile sa\u00e7lar\u0131n\u0131z\u0131n elektriklenmesini b\u00fcy\u00fck \u00f6l\u00e7\u00fcde engelleyebilirsiniz.<\/p>\n<p>Elektriklenen sa\u00e7lar i\u00e7in \u015fampuan ar\u0131yorsan\u0131z \u00f6ncelikle kendi sa\u00e7 tipinizi \u00e7ok iyi bilmeniz gerekmektedir. \u00c7abuk ya\u011flanan, kolay kepek kapan sa\u00e7lar\u0131n\u0131z varsa du\u015f esnas\u0131nda 2 adet \u015fampuan uygulamas\u0131 dahi yapabilmeniz gerekebilir. Ancak genel olarak sa\u00e7lar\u0131 sa\u00e7 tipine uygun \u015fampuan ile y\u0131kad\u0131ktan sonra elektriklenme \u00f6nleyici \u015fampuanlar ile sa\u00e7lar\u0131n elektriklenmesini rahatl\u0131kla engelleyebilirsiniz.<\/p>\n<figure id=\"attachment_7302\" aria-describedby=\"caption-attachment-7302\" style=\"width: 686px\" class=\"wp-caption aligncenter\"><img decoding=\"async\" loading=\"lazy\" class=\"size-large wp-image-7302\" src=\"https:\/\/guzelfikir.com\/blog\/wp-content\/uploads\/2020\/12\/elektriklenen-saclar-icin-sampuan-1024x683.jpg\" alt=\"elektriklenen-saclar-icin-sampuan\" width=\"696\" height=\"464\" srcset=\"https:\/\/guzelfikir.com\/blog\/wp-content\/uploads\/2020\/12\/elektriklenen-saclar-icin-sampuan-1024x683.jpg 1024w, https:\/\/guzelfikir.com\/blog\/wp-content\/uploads\/2020\/12\/elektriklenen-saclar-icin-sampuan-300x200.jpg 300w, https:\/\/guzelfikir.com\/blog\/wp-content\/uploads\/2020\/12\/elektriklenen-saclar-icin-sampuan-768x512.jpg 768w, https:\/\/guzelfikir.com\/blog\/wp-content\/uploads\/2020\/12\/elektriklenen-saclar-icin-sampuan-1536x1024.jpg 1536w, https:\/\/guzelfikir.com\/blog\/wp-content\/uploads\/2020\/12\/elektriklenen-saclar-icin-sampuan-696x464.jpg 696w, https:\/\/guzelfikir.com\/blog\/wp-content\/uploads\/2020\/12\/elektriklenen-saclar-icin-sampuan-1068x712.jpg 1068w, https:\/\/guzelfikir.com\/blog\/wp-content\/uploads\/2020\/12\/elektriklenen-saclar-icin-sampuan-630x420.jpg 630w, https:\/\/guzelfikir.com\/blog\/wp-content\/uploads\/2020\/12\/elektriklenen-saclar-icin-sampuan.jpg 1920w\" sizes=\"(max-width: 696px) 100vw, 696px\" title=\"\"><figcaption id=\"caption-attachment-7302\" class=\"wp-caption-text\">Elektriklenen sa\u00e7lar i\u00e7in \u015fampuan \u00f6nerileri<\/figcaption><\/figure>\n<h2>Ya\u011fl\u0131 ve Elektriklenen Sa\u00e7lar<\/h2>\n<p>Ya\u011fl\u0131 ve elektriklenen sa\u00e7lar, sa\u00e7 problemleri ya\u015fayanlar\u0131n en b\u00fcy\u00fck sorunlar\u0131ndand\u0131r. Hem ya\u011f hem de sa\u00e7lar\u0131n elektriklenmesi ile u\u011fra\u015fmak sa\u00e7 bak\u0131m\u0131n\u0131 olduk\u00e7a zora sokar. Ya\u011fl\u0131 sa\u00e7 yap\u0131s\u0131na sahipseniz sa\u00e7lar\u0131n\u0131za uygulad\u0131\u011f\u0131n\u0131z bak\u0131m kremlerini uygulamas\u0131n\u0131 minimal d\u00fczeyde tutmaya \u00e7al\u0131\u015f\u0131n. Genellikle elektriklenmeleri \u00f6nlemek i\u00e7in kullan\u0131lan bak\u0131m kremlerinin sonras\u0131nda sa\u00e7ta kolay ya\u011flanma yapt\u0131\u011f\u0131 bilinmektedir.<\/p>\n<h2>Elektriklenen Sa\u00e7lar \u0130\u00e7in Maske \u00d6nerileri<\/h2>\n<p>Elektriklenen sa\u00e7lar i\u00e7in do\u011fal maske yapabilmek m\u00fcmk\u00fcn. Birka\u00e7 basit malzeme ile sizlerde evinizde hi\u00e7 bir kimyasal kullanmadan sa\u00e7lar\u0131n\u0131z\u0131n elektriklenmesinin \u00f6n\u00fcne ge\u00e7ebileceksiniz.<\/p>\n<h3>Elektriklenen Sa\u00e7lar \u0130\u00e7in Maske Malzemeleri<\/h3>\n<ul>\n<li>Muz<\/li>\n<li>Bal<\/li>\n<li>Argan ya\u011f\u0131<\/li>\n<li>Gliserin<\/li>\n<\/ul>\n<h3>Elektriklenen Sa\u00e7lar \u0130\u00e7in Maske Kullan\u0131m\u0131<\/h3>\n<p>Ufak kase i\u00e7erisinde yar\u0131m muz koyun, 1 tatl\u0131 ka\u015f\u0131\u011f\u0131 kadar bal, 1 tatl\u0131 ka\u015f\u0131\u011f\u0131 kadar argan ya\u011f\u0131 ve gliserin koyun.<\/p>\n<p>Bunlar\u0131 g\u00fczelce kar\u0131\u015ft\u0131r\u0131n. Sonras\u0131nda elektirklenen sa\u00e7lar i\u00e7in yapt\u0131\u011f\u0131n\u0131z maske kar\u0131\u015f\u0131m\u0131n\u0131 sa\u00e7lar\u0131n\u0131z hafif nemli iken diplerinden uca elinizle uygulay\u0131n. Yakla\u015f\u0131k olarak yar\u0131m saat bir saat kadar bekletin. Sonras\u0131nda yumu\u015fak bir \u015fampuan ile sa\u00e7lar\u0131n\u0131z\u0131 y\u0131kay\u0131n.<\/p>\n<p><iframe loading=\"lazy\" src=\"https:\/\/www.youtube-nocookie.com\/embed\/GZxXrNCefow?controls=0\" width=\"560\" height=\"315\" frameborder=\"0\" allowfullscreen=\"allowfullscreen\"><\/iframe><\/p>\n<p>Bu videoyu izleyerek elektriklenen sa\u00e7lar i\u00e7in maske fikri edinebilirsiniz. Sizler i\u00e7in yazd\u0131\u011f\u0131m\u0131z bu i\u00e7erikte sa\u00e7lar\u0131n elektriklenmesi nas\u0131l \u00f6nlenir, sa\u00e7 elektriklenmesi nas\u0131l ge\u00e7er, elektriklenen sa\u00e7lar i\u00e7in \u015fampuan hakk\u0131nda sorular\u0131n\u0131z veya eklemek istedikleriniz varsa bizlere yorum olarak iletin.<\/p>\n","protected":false},"excerpt":{"rendered":"<p>Sa\u00e7lar\u0131n elektriklenmesi nas\u0131l \u00f6nlenir, g\u00fcn\u00fcm\u00fcz\u00fcn en b\u00fcy\u00fck problemlerinden biri. Sa\u00e7 elektriklenmesi nas\u0131l ge\u00e7er sorusunu, elektriklenen sa\u00e7lar i\u00e7in \u015fampuan \u00f6nerileri ile \u00e7\u00f6zebileceksiniz. Sa\u00e7lar\u0131n elektriklenmesini \u00f6nlemeden sa\u00e7lar\u0131n neden elektriklendi\u011fine a\u00e7\u0131kl\u0131k getirelim. \u015eimdi sa\u00e7lar\u0131n\u0131z elektriklenmi\u015f veya sonras\u0131nda sa\u00e7lar\u0131n\u0131z\u0131n elektriklenmesini istemiyorsan\u0131z \u00f6ncelikle sa\u00e7lar\u0131n neden elektriklendi\u011fini \u00f6\u011frenmenizde yarar var. Sa\u00e7lar Neden Elektriklenir? Sa\u00e7lar neden elektriklenir, \u00f6zellikle du\u015ftan sonra ak\u0131llara tak\u0131lan &#8230; <a title=\"Sa\u00e7lar\u0131n Elektriklenmesi Nas\u0131l \u00d6nlenir? Sa\u00e7 Elektriklenmesi Nas\u0131l Ge\u00e7er?\" class=\"read-more\" href=\"https:\/\/guzelfikir.com\/blog\/saclarin-elektriklenmesi-nasil-onlenir\/\" aria-label=\"More on Sa\u00e7lar\u0131n Elektriklenmesi Nas\u0131l \u00d6nlenir? Sa\u00e7 Elektriklenmesi Nas\u0131l Ge\u00e7er?\">Read more<\/a><\/p>\n","protected":false},"author":62,"featured_media":7299,"comment_status":"open","ping_status":"open","sticky":false,"template":"","format":"standard","meta":{"footnotes":""},"categories":[1945],"tags":[2478,2477,2476],"_links":{"self":[{"href":"https:\/\/guzelfikir.com\/blog\/wp-json\/wp\/v2\/posts\/7290"}],"collection":[{"href":"https:\/\/guzelfikir.com\/blog\/wp-json\/wp\/v2\/posts"}],"about":[{"href":"https:\/\/guzelfikir.com\/blog\/wp-json\/wp\/v2\/types\/post"}],"author":[{"embeddable":true,"href":"https:\/\/guzelfikir.com\/blog\/wp-json\/wp\/v2\/users\/62"}],"replies":[{"embeddable":true,"href":"https:\/\/guzelfikir.com\/blog\/wp-json\/wp\/v2\/comments?post=7290"}],"version-history":[{"count":7,"href":"https:\/\/guzelfikir.com\/blog\/wp-json\/wp\/v2\/posts\/7290\/revisions"}],"predecessor-version":[{"id":9754,"href":"https:\/\/guzelfikir.com\/blog\/wp-json\/wp\/v2\/posts\/7290\/revisions\/9754"}],"wp:featuredmedia":[{"embeddable":true,"href":"https:\/\/guzelfikir.com\/blog\/wp-json\/wp\/v2\/media\/7299"}],"wp:attachment":[{"href":"https:\/\/guzelfikir.com\/blog\/wp-json\/wp\/v2\/media?parent=7290"}],"wp:term":[{"taxonomy":"category","embeddable":true,"href":"https:\/\/guzelfikir.com\/blog\/wp-json\/wp\/v2\/categories?post=7290"},{"taxonomy":"post_tag","embeddable":true,"href":"https:\/\/guzelfikir.com\/blog\/wp-json\/wp\/v2\/tags?post=7290"}],"curies":[{"name":"wp","href":"https:\/\/api.w.org\/{rel}","templated":true}]}}